{"id":709,"date":"2021-11-17T13:30:39","date_gmt":"2021-11-17T13:30:39","guid":{"rendered":"https:\/\/mathieutroquierdakar.alsace\/?p=709"},"modified":"2021-11-17T13:38:11","modified_gmt":"2021-11-17T13:38:11","slug":"rallye-du-maroc-2021","status":"publish","type":"post","link":"https:\/\/mathieutroquierdakar.alsace\/en\/rallye-du-maroc-2021\/","title":{"rendered":"Rallye du Maroc 2021"},"content":{"rendered":"<section  class='av_textblock_section av-kw3k4v6r-2477f5139f729413ad29200d95680530'   itemscope=\"itemscope\" itemtype=\"https:\/\/schema.org\/BlogPosting\" itemprop=\"blogPost\" ><div class='avia_textblock'  itemprop=\"text\" ><p>Afin d&rsquo;optimiser la pr\u00e9paration du Dakar 2023, Mathieu \u00e9tait au d\u00e9part du Rallye du Maroc 2021. Du 7 au 13 octobre il a pu rouler avec la moto de course dans des conditions proches de celles attendues. Il valide donc sa participation au Dakar en finissant l&rsquo;une des rares courses de qualification.<\/p>\n<\/div><\/section>\n\n<style type=\"text\/css\" data-created_by=\"avia_inline_auto\" id=\"style-css-av-p82d1-05e188102ce972c6f4fee00e81b61509\">\n.flex_column.av-p82d1-05e188102ce972c6f4fee00e81b61509{\nborder-radius:0px 0px 0px 0px;\npadding:0px 0px 0px 0px;\n}\n<\/style>\n<div  class='flex_column av-p82d1-05e188102ce972c6f4fee00e81b61509 av_one_full  avia-builder-el-1  el_after_av_textblock  el_before_av_one_half  first flex_column_div av-zero-column-padding  column-top-margin'     ><section  class='av_textblock_section av-kw3k281q-9f3c15b42f4dc97eb27c5dc4318e01fd'   itemscope=\"itemscope\" itemtype=\"https:\/\/schema.org\/BlogPosting\" itemprop=\"blogPost\" ><div class='avia_textblock'  itemprop=\"text\" ><p>Si vous n&rsquo;\u00eates pas sur les r\u00e9seaux sociaux ou si vous avez manqu\u00e9 les publications de Mathieu, en voici quelques extraits.<\/p>\n<\/div><\/section><\/div>\n\n<style type=\"text\/css\" data-created_by=\"avia_inline_auto\" id=\"style-css-av-j3k39-5d846dd27cfdac8f025b9aa906ebd6a3\">\n.flex_column.av-j3k39-5d846dd27cfdac8f025b9aa906ebd6a3{\nborder-radius:0px 0px 0px 0px;\npadding:0px 0px 0px 0px;\n}\n<\/style>\n<div  class='flex_column av-j3k39-5d846dd27cfdac8f025b9aa906ebd6a3 av_one_half  avia-builder-el-3  el_after_av_one_full  el_before_av_one_half  first flex_column_div av-zero-column-padding  column-top-margin'     ><section  class='av_textblock_section av-kw3k281q-9f3c15b42f4dc97eb27c5dc4318e01fd'   itemscope=\"itemscope\" itemtype=\"https:\/\/schema.org\/BlogPosting\" itemprop=\"blogPost\" ><div class='avia_textblock'  itemprop=\"text\" ><p><iframe loading=\"lazy\" src=\"https:\/\/www.facebook.com\/plugins\/post.php?href=https%3A%2F%2Fwww.facebook.com%2FMathieuTroquier22%2Fphotos%2Fa.105676301476105%2F280113174032416%2F%3Ftype%3D3%26av%3D101971241846611%26eav%3DAfYzZ5bPTSDiLk3lN25Mu7fHscuHs__MN_4rW8Ue3t_BbepoPu9DLGZBg59soVfyxX8&#038;show_text=true&#038;width=500\" width=\"500\" height=\"472\" style=\"border:none;overflow:hidden\" scrolling=\"no\" frameborder=\"0\" allowfullscreen=\"true\" allow=\"autoplay; clipboard-write; encrypted-media; picture-in-picture; web-share\"><\/iframe><\/p>\n<\/div><\/section><\/div>\n\n<style type=\"text\/css\" data-created_by=\"avia_inline_auto\" id=\"style-css-av-1j7fh-ac5e01d2c63c533bccaa9c63794b52ed\">\n.flex_column.av-1j7fh-ac5e01d2c63c533bccaa9c63794b52ed{\nborder-radius:0px 0px 0px 0px;\npadding:0px 0px 0px 0px;\n}\n<\/style>\n<div  class='flex_column av-1j7fh-ac5e01d2c63c533bccaa9c63794b52ed av_one_half  avia-builder-el-5  el_after_av_one_half  el_before_av_one_half  flex_column_div av-zero-column-padding  column-top-margin'     ><section  class='av_textblock_section av-kw3k281q-9f3c15b42f4dc97eb27c5dc4318e01fd'   itemscope=\"itemscope\" itemtype=\"https:\/\/schema.org\/BlogPosting\" itemprop=\"blogPost\" ><div class='avia_textblock'  itemprop=\"text\" ><p><iframe loading=\"lazy\" src=\"https:\/\/www.facebook.com\/plugins\/post.php?href=https%3A%2F%2Fwww.facebook.com%2FMathieuTroquier22%2Fposts%2F263453905698343&#038;show_text=true&#038;width=500\" width=\"500\" height=\"695\" style=\"border:none;overflow:hidden\" scrolling=\"no\" frameborder=\"0\" allowfullscreen=\"true\" allow=\"autoplay; clipboard-write; encrypted-media; picture-in-picture; web-share\"><\/iframe><\/p>\n<\/div><\/section><\/div>\n<style type=\"text\/css\" data-created_by=\"avia_inline_auto\" id=\"style-css-av-9mdol-1022666abc5f7324a42c0cd5ab98c89f\">\n.flex_column.av-9mdol-1022666abc5f7324a42c0cd5ab98c89f{\nborder-radius:0px 0px 0px 0px;\npadding:0px 0px 0px 0px;\n}\n<\/style>\n<div  class='flex_column av-9mdol-1022666abc5f7324a42c0cd5ab98c89f av_one_half  avia-builder-el-7  el_after_av_one_half  avia-builder-el-last  first flex_column_div av-zero-column-padding  column-top-margin'     ><section  class='av_textblock_section av-kw3k281q-9f3c15b42f4dc97eb27c5dc4318e01fd'   itemscope=\"itemscope\" itemtype=\"https:\/\/schema.org\/BlogPosting\" itemprop=\"blogPost\" ><div class='avia_textblock'  itemprop=\"text\" ><p><iframe loading=\"lazy\" src=\"https:\/\/www.facebook.com\/plugins\/post.php?href=https%3A%2F%2Fwww.facebook.com%2FMathieuTroquier22%2Fposts%2F274281177948949&#038;show_text=true&#038;width=500\" width=\"500\" height=\"607\" style=\"border:none;overflow:hidden\" scrolling=\"no\" frameborder=\"0\" allowfullscreen=\"true\" allow=\"autoplay; clipboard-write; encrypted-media; picture-in-picture; web-share\"><\/iframe><\/p>\n<\/div><\/section><\/div><\/p>","protected":false},"excerpt":{"rendered":"<p>Finisher du Rallye du Maroc 2021, Mathieu valide officiellement sa participation au Dakar 2023<\/p>","protected":false},"author":1,"featured_media":629,"comment_status":"open","ping_status":"open","sticky":false,"template":"","format":"standard","meta":{"_jetpack_memberships_contains_paid_content":false,"footnotes":""},"categories":[12],"tags":[],"class_list":["post-709","post","type-post","status-publish","format-standard","has-post-thumbnail","hentry","category-actualites"],"yoast_head":"<!-- This site is optimized with the Yoast SEO plugin v27.1.1 - https:\/\/yoast.com\/product\/yoast-seo-wordpress\/ -->\n<title>Rallye du Maroc 2021 - Mathieu Troquier DAKAR<\/title>\n<meta name=\"robots\" content=\"index, follow, max-snippet:-1, max-image-preview:large, max-video-preview:-1\" \/>\n<link rel=\"canonical\" href=\"https:\/\/mathieutroquierdakar.alsace\/en\/rallye-du-maroc-2021\/\" \/>\n<meta property=\"og:locale\" content=\"en_US\" \/>\n<meta property=\"og:type\" content=\"article\" \/>\n<meta property=\"og:title\" content=\"Rallye du Maroc 2021 - Mathieu Troquier DAKAR\" \/>\n<meta property=\"og:description\" content=\"Finisher du Rallye du Maroc 2021, Mathieu valide officiellement sa participation au Dakar 2023\" \/>\n<meta property=\"og:url\" content=\"https:\/\/mathieutroquierdakar.alsace\/en\/rallye-du-maroc-2021\/\" \/>\n<meta property=\"og:site_name\" content=\"Mathieu Troquier DAKAR\" \/>\n<meta property=\"article:publisher\" content=\"https:\/\/www.facebook.com\/MathieuTroquier22\" \/>\n<meta property=\"article:published_time\" content=\"2021-11-17T13:30:39+00:00\" \/>\n<meta property=\"article:modified_time\" content=\"2021-11-17T13:38:11+00:00\" \/>\n<meta property=\"og:image\" content=\"https:\/\/mathieutroquierdakar.alsace\/wp-content\/uploads\/2021\/11\/RC15989-1030x687.jpg\" \/>\n\t<meta property=\"og:image:width\" content=\"1030\" \/>\n\t<meta property=\"og:image:height\" content=\"687\" \/>\n\t<meta property=\"og:image:type\" content=\"image\/jpeg\" \/>\n<meta name=\"author\" content=\"admin\" \/>\n<meta name=\"twitter:card\" content=\"summary_large_image\" \/>\n<meta name=\"twitter:label1\" content=\"Written by\" \/>\n\t<meta name=\"twitter:data1\" content=\"admin\" \/>\n\t<meta name=\"twitter:label2\" content=\"Est. reading time\" \/>\n\t<meta name=\"twitter:data2\" content=\"2 minutes\" \/>\n<script type=\"application\/ld+json\" class=\"yoast-schema-graph\">{\"@context\":\"https:\/\/schema.org\",\"@graph\":[{\"@type\":\"Article\",\"@id\":\"https:\/\/mathieutroquierdakar.alsace\/rallye-du-maroc-2021\/#article\",\"isPartOf\":{\"@id\":\"https:\/\/mathieutroquierdakar.alsace\/rallye-du-maroc-2021\/\"},\"author\":{\"name\":\"admin\",\"@id\":\"https:\/\/mathieutroquierdakar.alsace\/#\/schema\/person\/1d29e57470ccaa0a0ed07ea45dfd2f9f\"},\"headline\":\"Rallye du Maroc 2021\",\"datePublished\":\"2021-11-17T13:30:39+00:00\",\"dateModified\":\"2021-11-17T13:38:11+00:00\",\"mainEntityOfPage\":{\"@id\":\"https:\/\/mathieutroquierdakar.alsace\/rallye-du-maroc-2021\/\"},\"wordCount\":537,\"commentCount\":0,\"publisher\":{\"@id\":\"https:\/\/mathieutroquierdakar.alsace\/#organization\"},\"image\":{\"@id\":\"https:\/\/mathieutroquierdakar.alsace\/rallye-du-maroc-2021\/#primaryimage\"},\"thumbnailUrl\":\"https:\/\/i0.wp.com\/mathieutroquierdakar.alsace\/wp-content\/uploads\/2021\/11\/RC15989-scaled.jpg?fit=2560%2C1707&ssl=1\",\"articleSection\":[\"Actualit\u00e9s\"],\"inLanguage\":\"en-US\",\"potentialAction\":[{\"@type\":\"CommentAction\",\"name\":\"Comment\",\"target\":[\"https:\/\/mathieutroquierdakar.alsace\/rallye-du-maroc-2021\/#respond\"]}]},{\"@type\":\"WebPage\",\"@id\":\"https:\/\/mathieutroquierdakar.alsace\/rallye-du-maroc-2021\/\",\"url\":\"https:\/\/mathieutroquierdakar.alsace\/rallye-du-maroc-2021\/\",\"name\":\"Rallye du Maroc 2021 - Mathieu Troquier DAKAR\",\"isPartOf\":{\"@id\":\"https:\/\/mathieutroquierdakar.alsace\/#website\"},\"primaryImageOfPage\":{\"@id\":\"https:\/\/mathieutroquierdakar.alsace\/rallye-du-maroc-2021\/#primaryimage\"},\"image\":{\"@id\":\"https:\/\/mathieutroquierdakar.alsace\/rallye-du-maroc-2021\/#primaryimage\"},\"thumbnailUrl\":\"https:\/\/i0.wp.com\/mathieutroquierdakar.alsace\/wp-content\/uploads\/2021\/11\/RC15989-scaled.jpg?fit=2560%2C1707&ssl=1\",\"datePublished\":\"2021-11-17T13:30:39+00:00\",\"dateModified\":\"2021-11-17T13:38:11+00:00\",\"breadcrumb\":{\"@id\":\"https:\/\/mathieutroquierdakar.alsace\/rallye-du-maroc-2021\/#breadcrumb\"},\"inLanguage\":\"en-US\",\"potentialAction\":[{\"@type\":\"ReadAction\",\"target\":[\"https:\/\/mathieutroquierdakar.alsace\/rallye-du-maroc-2021\/\"]}]},{\"@type\":\"ImageObject\",\"inLanguage\":\"en-US\",\"@id\":\"https:\/\/mathieutroquierdakar.alsace\/rallye-du-maroc-2021\/#primaryimage\",\"url\":\"https:\/\/i0.wp.com\/mathieutroquierdakar.alsace\/wp-content\/uploads\/2021\/11\/RC15989-scaled.jpg?fit=2560%2C1707&ssl=1\",\"contentUrl\":\"https:\/\/i0.wp.com\/mathieutroquierdakar.alsace\/wp-content\/uploads\/2021\/11\/RC15989-scaled.jpg?fit=2560%2C1707&ssl=1\",\"width\":2560,\"height\":1707},{\"@type\":\"BreadcrumbList\",\"@id\":\"https:\/\/mathieutroquierdakar.alsace\/rallye-du-maroc-2021\/#breadcrumb\",\"itemListElement\":[{\"@type\":\"ListItem\",\"position\":1,\"name\":\"Home\",\"item\":\"https:\/\/mathieutroquierdakar.alsace\/mathieu-troquier-objectif-dakar-2023\/\"},{\"@type\":\"ListItem\",\"position\":2,\"name\":\"Rallye du Maroc 2021\"}]},{\"@type\":\"WebSite\",\"@id\":\"https:\/\/mathieutroquierdakar.alsace\/#website\",\"url\":\"https:\/\/mathieutroquierdakar.alsace\/\",\"name\":\"Mathieu Troquier DAKAR\",\"description\":\"Un alsacien au Dakar 2026\",\"publisher\":{\"@id\":\"https:\/\/mathieutroquierdakar.alsace\/#organization\"},\"potentialAction\":[{\"@type\":\"SearchAction\",\"target\":{\"@type\":\"EntryPoint\",\"urlTemplate\":\"https:\/\/mathieutroquierdakar.alsace\/?s={search_term_string}\"},\"query-input\":{\"@type\":\"PropertyValueSpecification\",\"valueRequired\":true,\"valueName\":\"search_term_string\"}}],\"inLanguage\":\"en-US\"},{\"@type\":\"Organization\",\"@id\":\"https:\/\/mathieutroquierdakar.alsace\/#organization\",\"name\":\"Mathieu Troquier DAKAR\",\"url\":\"https:\/\/mathieutroquierdakar.alsace\/\",\"logo\":{\"@type\":\"ImageObject\",\"inLanguage\":\"en-US\",\"@id\":\"https:\/\/mathieutroquierdakar.alsace\/#\/schema\/logo\/image\/\",\"url\":\"https:\/\/i0.wp.com\/mathieutroquierdakar.alsace\/wp-content\/uploads\/2021\/01\/Fichier-1-1.png?fit=382%2C170&ssl=1\",\"contentUrl\":\"https:\/\/i0.wp.com\/mathieutroquierdakar.alsace\/wp-content\/uploads\/2021\/01\/Fichier-1-1.png?fit=382%2C170&ssl=1\",\"width\":382,\"height\":170,\"caption\":\"Mathieu Troquier DAKAR\"},\"image\":{\"@id\":\"https:\/\/mathieutroquierdakar.alsace\/#\/schema\/logo\/image\/\"},\"sameAs\":[\"https:\/\/www.facebook.com\/MathieuTroquier22\",\"https:\/\/www.instagram.com\/mathieutroquier\"]},{\"@type\":\"Person\",\"@id\":\"https:\/\/mathieutroquierdakar.alsace\/#\/schema\/person\/1d29e57470ccaa0a0ed07ea45dfd2f9f\",\"name\":\"admin\",\"image\":{\"@type\":\"ImageObject\",\"inLanguage\":\"en-US\",\"@id\":\"https:\/\/mathieutroquierdakar.alsace\/#\/schema\/person\/image\/\",\"url\":\"https:\/\/secure.gravatar.com\/avatar\/672dba593515b16749c55a873498c211577df2ecb31a35c5767d9e73e2851376?s=96&d=mm&r=g\",\"contentUrl\":\"https:\/\/secure.gravatar.com\/avatar\/672dba593515b16749c55a873498c211577df2ecb31a35c5767d9e73e2851376?s=96&d=mm&r=g\",\"caption\":\"admin\"},\"sameAs\":[\"https:\/\/mathieutroquierdakar.alsace\"]}]}<\/script>\n<!-- \/ Yoast SEO plugin. -->","yoast_head_json":{"title":"Rallye du Maroc 2021 - Mathieu Troquier DAKAR","robots":{"index":"index","follow":"follow","max-snippet":"max-snippet:-1","max-image-preview":"max-image-preview:large","max-video-preview":"max-video-preview:-1"},"canonical":"https:\/\/mathieutroquierdakar.alsace\/en\/rallye-du-maroc-2021\/","og_locale":"en_US","og_type":"article","og_title":"Rallye du Maroc 2021 - Mathieu Troquier DAKAR","og_description":"Finisher du Rallye du Maroc 2021, Mathieu valide officiellement sa participation au Dakar 2023","og_url":"https:\/\/mathieutroquierdakar.alsace\/en\/rallye-du-maroc-2021\/","og_site_name":"Mathieu Troquier DAKAR","article_publisher":"https:\/\/www.facebook.com\/MathieuTroquier22","article_published_time":"2021-11-17T13:30:39+00:00","article_modified_time":"2021-11-17T13:38:11+00:00","og_image":[{"width":1030,"height":687,"url":"https:\/\/mathieutroquierdakar.alsace\/wp-content\/uploads\/2021\/11\/RC15989-1030x687.jpg","type":"image\/jpeg"}],"author":"admin","twitter_card":"summary_large_image","twitter_misc":{"Written by":"admin","Est. reading time":"2 minutes"},"schema":{"@context":"https:\/\/schema.org","@graph":[{"@type":"Article","@id":"https:\/\/mathieutroquierdakar.alsace\/rallye-du-maroc-2021\/#article","isPartOf":{"@id":"https:\/\/mathieutroquierdakar.alsace\/rallye-du-maroc-2021\/"},"author":{"name":"admin","@id":"https:\/\/mathieutroquierdakar.alsace\/#\/schema\/person\/1d29e57470ccaa0a0ed07ea45dfd2f9f"},"headline":"Rallye du Maroc 2021","datePublished":"2021-11-17T13:30:39+00:00","dateModified":"2021-11-17T13:38:11+00:00","mainEntityOfPage":{"@id":"https:\/\/mathieutroquierdakar.alsace\/rallye-du-maroc-2021\/"},"wordCount":537,"commentCount":0,"publisher":{"@id":"https:\/\/mathieutroquierdakar.alsace\/#organization"},"image":{"@id":"https:\/\/mathieutroquierdakar.alsace\/rallye-du-maroc-2021\/#primaryimage"},"thumbnailUrl":"https:\/\/i0.wp.com\/mathieutroquierdakar.alsace\/wp-content\/uploads\/2021\/11\/RC15989-scaled.jpg?fit=2560%2C1707&ssl=1","articleSection":["Actualit\u00e9s"],"inLanguage":"en-US","potentialAction":[{"@type":"CommentAction","name":"Comment","target":["https:\/\/mathieutroquierdakar.alsace\/rallye-du-maroc-2021\/#respond"]}]},{"@type":"WebPage","@id":"https:\/\/mathieutroquierdakar.alsace\/rallye-du-maroc-2021\/","url":"https:\/\/mathieutroquierdakar.alsace\/rallye-du-maroc-2021\/","name":"Rallye du Maroc 2021 - Mathieu Troquier DAKAR","isPartOf":{"@id":"https:\/\/mathieutroquierdakar.alsace\/#website"},"primaryImageOfPage":{"@id":"https:\/\/mathieutroquierdakar.alsace\/rallye-du-maroc-2021\/#primaryimage"},"image":{"@id":"https:\/\/mathieutroquierdakar.alsace\/rallye-du-maroc-2021\/#primaryimage"},"thumbnailUrl":"https:\/\/i0.wp.com\/mathieutroquierdakar.alsace\/wp-content\/uploads\/2021\/11\/RC15989-scaled.jpg?fit=2560%2C1707&ssl=1","datePublished":"2021-11-17T13:30:39+00:00","dateModified":"2021-11-17T13:38:11+00:00","breadcrumb":{"@id":"https:\/\/mathieutroquierdakar.alsace\/rallye-du-maroc-2021\/#breadcrumb"},"inLanguage":"en-US","potentialAction":[{"@type":"ReadAction","target":["https:\/\/mathieutroquierdakar.alsace\/rallye-du-maroc-2021\/"]}]},{"@type":"ImageObject","inLanguage":"en-US","@id":"https:\/\/mathieutroquierdakar.alsace\/rallye-du-maroc-2021\/#primaryimage","url":"https:\/\/i0.wp.com\/mathieutroquierdakar.alsace\/wp-content\/uploads\/2021\/11\/RC15989-scaled.jpg?fit=2560%2C1707&ssl=1","contentUrl":"https:\/\/i0.wp.com\/mathieutroquierdakar.alsace\/wp-content\/uploads\/2021\/11\/RC15989-scaled.jpg?fit=2560%2C1707&ssl=1","width":2560,"height":1707},{"@type":"BreadcrumbList","@id":"https:\/\/mathieutroquierdakar.alsace\/rallye-du-maroc-2021\/#breadcrumb","itemListElement":[{"@type":"ListItem","position":1,"name":"Home","item":"https:\/\/mathieutroquierdakar.alsace\/mathieu-troquier-objectif-dakar-2023\/"},{"@type":"ListItem","position":2,"name":"Rallye du Maroc 2021"}]},{"@type":"WebSite","@id":"https:\/\/mathieutroquierdakar.alsace\/#website","url":"https:\/\/mathieutroquierdakar.alsace\/","name":"Mathieu Troquier DAKAR","description":"Un alsacien au Dakar 2026","publisher":{"@id":"https:\/\/mathieutroquierdakar.alsace\/#organization"},"potentialAction":[{"@type":"SearchAction","target":{"@type":"EntryPoint","urlTemplate":"https:\/\/mathieutroquierdakar.alsace\/?s={search_term_string}"},"query-input":{"@type":"PropertyValueSpecification","valueRequired":true,"valueName":"search_term_string"}}],"inLanguage":"en-US"},{"@type":"Organization","@id":"https:\/\/mathieutroquierdakar.alsace\/#organization","name":"Mathieu Troquier DAKAR","url":"https:\/\/mathieutroquierdakar.alsace\/","logo":{"@type":"ImageObject","inLanguage":"en-US","@id":"https:\/\/mathieutroquierdakar.alsace\/#\/schema\/logo\/image\/","url":"https:\/\/i0.wp.com\/mathieutroquierdakar.alsace\/wp-content\/uploads\/2021\/01\/Fichier-1-1.png?fit=382%2C170&ssl=1","contentUrl":"https:\/\/i0.wp.com\/mathieutroquierdakar.alsace\/wp-content\/uploads\/2021\/01\/Fichier-1-1.png?fit=382%2C170&ssl=1","width":382,"height":170,"caption":"Mathieu Troquier DAKAR"},"image":{"@id":"https:\/\/mathieutroquierdakar.alsace\/#\/schema\/logo\/image\/"},"sameAs":["https:\/\/www.facebook.com\/MathieuTroquier22","https:\/\/www.instagram.com\/mathieutroquier"]},{"@type":"Person","@id":"https:\/\/mathieutroquierdakar.alsace\/#\/schema\/person\/1d29e57470ccaa0a0ed07ea45dfd2f9f","name":"admin","image":{"@type":"ImageObject","inLanguage":"en-US","@id":"https:\/\/mathieutroquierdakar.alsace\/#\/schema\/person\/image\/","url":"https:\/\/secure.gravatar.com\/avatar\/672dba593515b16749c55a873498c211577df2ecb31a35c5767d9e73e2851376?s=96&d=mm&r=g","contentUrl":"https:\/\/secure.gravatar.com\/avatar\/672dba593515b16749c55a873498c211577df2ecb31a35c5767d9e73e2851376?s=96&d=mm&r=g","caption":"admin"},"sameAs":["https:\/\/mathieutroquierdakar.alsace"]}]}},"jetpack_featured_media_url":"https:\/\/i0.wp.com\/mathieutroquierdakar.alsace\/wp-content\/uploads\/2021\/11\/RC15989-scaled.jpg?fit=2560%2C1707&ssl=1","jetpack_sharing_enabled":true,"_links":{"self":[{"href":"https:\/\/mathieutroquierdakar.alsace\/en\/wp-json\/wp\/v2\/posts\/709","targetHints":{"allow":["GET"]}}],"collection":[{"href":"https:\/\/mathieutroquierdakar.alsace\/en\/wp-json\/wp\/v2\/posts"}],"about":[{"href":"https:\/\/mathieutroquierdakar.alsace\/en\/wp-json\/wp\/v2\/types\/post"}],"author":[{"embeddable":true,"href":"https:\/\/mathieutroquierdakar.alsace\/en\/wp-json\/wp\/v2\/users\/1"}],"replies":[{"embeddable":true,"href":"https:\/\/mathieutroquierdakar.alsace\/en\/wp-json\/wp\/v2\/comments?post=709"}],"version-history":[{"count":5,"href":"https:\/\/mathieutroquierdakar.alsace\/en\/wp-json\/wp\/v2\/posts\/709\/revisions"}],"predecessor-version":[{"id":721,"href":"https:\/\/mathieutroquierdakar.alsace\/en\/wp-json\/wp\/v2\/posts\/709\/revisions\/721"}],"wp:featuredmedia":[{"embeddable":true,"href":"https:\/\/mathieutroquierdakar.alsace\/en\/wp-json\/wp\/v2\/media\/629"}],"wp:attachment":[{"href":"https:\/\/mathieutroquierdakar.alsace\/en\/wp-json\/wp\/v2\/media?parent=709"}],"wp:term":[{"taxonomy":"category","embeddable":true,"href":"https:\/\/mathieutroquierdakar.alsace\/en\/wp-json\/wp\/v2\/categories?post=709"},{"taxonomy":"post_tag","embeddable":true,"href":"https:\/\/mathieutroquierdakar.alsace\/en\/wp-json\/wp\/v2\/tags?post=709"}],"curies":[{"name":"wp","href":"https:\/\/api.w.org\/{rel}","templated":true}]}}